{"id":11725,"date":"2021-07-27T20:00:30","date_gmt":"2021-07-28T00:00:30","guid":{"rendered":"http:\/\/acousticmusicscene.com\/?p=11725"},"modified":"2021-07-27T20:06:49","modified_gmt":"2021-07-28T00:06:49","slug":"2021-celtic-roots-virtual-festival-streams-online-august-6-7","status":"publish","type":"post","link":"https:\/\/acousticmusicscene.com\/2021\/07\/27\/2021-celtic-roots-virtual-festival-streams-online-august-6-7\/","title":{"rendered":"2021 Celtic Roots Virtual Festival Streams Online, Aug. 6 &#038; 7"},"content":{"rendered":"<p><img fetchpriority=\"high\" decoding=\"async\" src=\"https:\/\/acousticmusicscene.com\/wp\/wp-content\/uploads\/2021\/07\/2021-Celtic-Roots-Virtual-Festival-207x300.jpg\" alt=\"2021 Celtic Roots Virtual Festival\" width=\"207\" height=\"300\" class=\"alignleft size-medium wp-image-11728\" srcset=\"https:\/\/acousticmusicscene.com\/wp\/wp-content\/uploads\/2021\/07\/2021-Celtic-Roots-Virtual-Festival-207x300.jpg 207w, https:\/\/acousticmusicscene.com\/wp\/wp-content\/uploads\/2021\/07\/2021-Celtic-Roots-Virtual-Festival-768x1111.jpg 768w, https:\/\/acousticmusicscene.com\/wp\/wp-content\/uploads\/2021\/07\/2021-Celtic-Roots-Virtual-Festival-708x1024.jpg 708w, https:\/\/acousticmusicscene.com\/wp\/wp-content\/uploads\/2021\/07\/2021-Celtic-Roots-Virtual-Festival.jpg 1080w\" sizes=\"(max-width: 207px) 100vw, 207px\" \/>For more than a quarter of a century, lovers of Celtic music, crafts and culture have gathered each August at a park along the shores of Lake Huron in Goderich, Ontario for the Goderich Celtic Roots Festival. Like a number of other music festivals forced to cancel or postpone over the past 17 months due to the COVID-19 pandemic, the festival\u2019s organizers have arranged an online festival in its place. Featuring pre-recorded musical performances and live hosts, the 2021 Celtic Roots Virtual Festival will stream on Friday, August 6 from 7-11 p.m. EDT and on Saturday, August 7, from 1-5 p.m. EDT.<\/p>\n<p>As was the case last August, American, Canadian, Irish and Scottish artists will be featured in what Cheryl Prashker, the festival\u2019s artistic director and general manager envisions will be \u201ca magical online experience.\u201d There will be interviews and music from The Bookends, Dave Curley, The Ennis Sisters,Daoir\u00ed Farrell, F\u00e0rsan, Emily Flack, The Gilberts, Jane &#038; Kyle, Se\u00e1n Keane, M\u00e9lissandre Tremblay-Bourassa &#038; Alexis Chartrand, Dave Woods, and Ryan Young.<\/p>\n<p><strong>An Emerging Artist Showcase with Acts from Around the World to Debut <\/strong><\/p>\n<p>For the first time, the festival also will include an emerging artist showcase named for festival founders Eleanor and Warren Robinson and featuring 10 artists\/acts from around the world.<br \/>\nParticipating in the inaugural Robinson Emerging Artist Showcase are 3 on the Bund (Ireland), Cl\u00edodhna N\u00ed Aod\u00e1in (Ireland\/Switzerland), Daridel (Italy), Harmundi (Brazil), Isla Ratcliff (Scotland), Kinnfolk (USA), Michael Darcy &#038; The Atlantic Tramps (Canada), Miguel Gir\u00e3o (Portugal), Mosquera Celtic Band (Spain), and O\u2019Jizo (Japan). The online audience will help select two who will be invited back to play the festival\u2019s main stage in 2022 and will be mentored monthly throughout the year leading up to it. They will also be invited to participate in virtual artist development workshops and the weeklong Celtic College preceding next year\u2019s festival as they seek to advance their musical careers.<\/p>\n<p>\u201cIt has been a dream of mine to bring such a showcase to Goderich since this festival and the college have always been about showcasing young talent,\u201d Prashker told <em>AcousticMusicScene.com<\/em>. She cited the long-running Grassy Hill Emerging Artist Showcase at the Falcon Ridge Folk Festival in upstate New York as the inspiration behind it and expressed thanks to Michael Patrick Farrell from Toronto-based Dolmen Entertainment Group \u201cwho had a great deal to do with helping put this together.\u201d<\/p>\n<p>In all, nearly eight hours of pre-recorded music made especially for the festival will be viewable via the festival\u2019s website (<a href=\"https:\/\/celticfestival.ca\">CelticFestival.ca<\/a>), as well as its Facebook page (<a href=\"https:\/\/facebook.com\/goderichceltic\">https:\/\/facebook.com\/goderichceltic<\/a>).<\/p>\n<p>From its humble beginnings as one-time memorial concert in 1993, the Goderich Celtic Roots Festival is now the oldest pan-Celtic festival in North America. In addition to a three-day outdoor festival showcasing some of the world\u2019s best Celtic musicians, dancers and artists, it has grown\/evolved to include a weeklong Celtic College and a Celtic Kids Camp, as well as a series of rural outreach mini-concerts. <\/p>\n<p><strong>A Series of &#8216;Conversations with ..&#8221;-Style Online workshops Precede the Virtual Festival<\/strong><\/p>\n<p>\u201cDuring the week prior to the virtual festival, which would have been our Celtic College week, we are offering six different 90-minute workshops, which are more like \u2018Conversations with \u2026\u2019,\u201d said Prashker. These ticketed events will take place via Zoom \u2013 Monday, Aug. 2 \u2013 Thursday, Aug. 5 &#8212; and all proceeds will go directly to the artists leading them. With the exception of a knot-work drawing workshop led by David Rankine &#8212; which will follow a more hands-on, step-by-step instructional format &#8212; instructors will generally spend the first 50 minutes or so sharing music and information about their areas of expertise, while engaging in Q &#038; A and discussion with workshop participants for the last 40 minutes or so.  <\/p>\n<p><figure id=\"attachment_11732\" aria-describedby=\"caption-attachment-11732\" style=\"width: 300px\" class=\"wp-caption alignright\"><img decoding=\"async\" src=\"https:\/\/acousticmusicscene.com\/wp\/wp-content\/uploads\/2021\/07\/Eileen-McGann-300x300.jpg\" alt=\"Eileen McGann is a virtual workshop instructor.\" width=\"300\" height=\"300\" class=\"size-medium wp-image-11732\" srcset=\"https:\/\/acousticmusicscene.com\/wp\/wp-content\/uploads\/2021\/07\/Eileen-McGann-300x300.jpg 300w, https:\/\/acousticmusicscene.com\/wp\/wp-content\/uploads\/2021\/07\/Eileen-McGann-290x290.jpg 290w, https:\/\/acousticmusicscene.com\/wp\/wp-content\/uploads\/2021\/07\/Eileen-McGann-768x768.jpg 768w, https:\/\/acousticmusicscene.com\/wp\/wp-content\/uploads\/2021\/07\/Eileen-McGann-1024x1024.jpg 1024w, https:\/\/acousticmusicscene.com\/wp\/wp-content\/uploads\/2021\/07\/Eileen-McGann-50x50.jpg 50w, https:\/\/acousticmusicscene.com\/wp\/wp-content\/uploads\/2021\/07\/Eileen-McGann.jpg 1260w\" sizes=\"(max-width: 300px) 100vw, 300px\" \/><figcaption id=\"caption-attachment-11732\" class=\"wp-caption-text\">Eileen McGann is a virtual workshop instructor.<\/figcaption><\/figure>Eileen McGann, a Juno-nominated contemporary Canadian songwriter and Celtic traditional singer, will explore Songwriting in the Celtic-Canadian Tradition. Brian McNeill, a multi-instrumentalist, singer and founding member of Scotland\u2019s Battlefield Band, will share some of his music and delve into Scottish History in Song. Steve Byrne, a founding member of the Scottish band Malinky, will discuss the preservation of historical sources and how these traditions have informed his musicianship. Liz Carroll, a Grammy-nominated Irish Fiddler from the U.S., will chat about tunes, techniques and tales from the folk scene. And Michael Rooney, a composer who is also regarded as one of the foremost players of the traditional Irish harp, will discuss composing \u2018new traditional\u2019 music and aspects of arranging and orchestration, while also sharing some music<\/p>\n<p>The Goderich Celtic Roots Festival \u2013- whose physical location is surrounded by the Irish and Scottish heritage reflected in the nearby communities of Belfast, Dublin, Kincardine, Lucknow and Seaforth &#8212; was founded on the spirit of community and connecting people with Celtic roots and exploring new Celtic expressions.  It generally features more than 60 hours of live musical performances by dozens of artists and acts on five stages, ranging from small intimate ones to a high-powered main stage.<\/p>\n<p>Prashker -\u2013 who is also part of the Celtic roots group RUNA and a \u2018percussionist to the folkies\u2019 &#8212; noted that when she assumed her position with the festival three years ago it was her \u201csecret hope to put the beautiful small town of Goderich on the world map &#8230;  and now it will again be on the world stage virtually.\u201d As in 2020, she noted that \u201cAlthough the musicians will have pre-recorded music especially for us, the hosts, will be live all weekend long &#8212; and each musician will be Zooming in before their slot happens so we can all interact with the audiences watching.\u201d Prashker, who first taught at the Celtic College and played the festival with RUNA in 2011, expressed hope that the virtual festival experience will give viewers a small glimpse of the spirit and beauty of Goderich that drew her there.<\/p>\n","protected":false},"excerpt":{"rendered":"<p>For more than a quarter of a century, lovers of Celtic music, crafts and culture have gathered each August at a park along the shores of Lake Huron in Goderich, Ontario for the Goderich Celtic Roots Festival. Like a number of other music festivals forced to cancel or postpone over the past 17 months due to the COVID-19 pandemic, the festival\u2019s organizers have arranged an online festival in its place. Featuring pre-recorded musical performances and live hosts, the 2021 Celtic Roots Virtual Festival will stream on Friday, August 6 from 7-11 p.m. EDT and on Saturday, August 7, from 1-5 p.m. EDT.<\/p>\n<p>[Click on the headline to continue reading about this virtual festival and a few workshops that precede it.]<\/p>\n","protected":false},"author":3,"featured_media":0,"comment_status":"closed","ping_status":"open","sticky":false,"template":"","format":"standard","meta":{"ocean_post_layout":"","ocean_both_sidebars_style":"","ocean_both_sidebars_content_width":0,"ocean_both_sidebars_sidebars_width":0,"ocean_sidebar":"","ocean_second_sidebar":"","ocean_disable_margins":"enable","ocean_add_body_class":"","ocean_shortcode_before_top_bar":"","ocean_shortcode_after_top_bar":"","ocean_shortcode_before_header":"","ocean_shortcode_after_header":"","ocean_has_shortcode":"","ocean_shortcode_after_title":"","ocean_shortcode_before_footer_widgets":"","ocean_shortcode_after_footer_widgets":"","ocean_shortcode_before_footer_bottom":"","ocean_shortcode_after_footer_bottom":"","ocean_display_top_bar":"default","ocean_display_header":"default","ocean_header_style":"","ocean_center_header_left_menu":"","ocean_custom_header_template":"","ocean_custom_logo":0,"ocean_custom_retina_logo":0,"ocean_custom_logo_max_width":0,"ocean_custom_logo_tablet_max_width":0,"ocean_custom_logo_mobile_max_width":0,"ocean_custom_logo_max_height":0,"ocean_custom_logo_tablet_max_height":0,"ocean_custom_logo_mobile_max_height":0,"ocean_header_custom_menu":"","ocean_menu_typo_font_family":"","ocean_menu_typo_font_subset":"","ocean_menu_typo_font_size":0,"ocean_menu_typo_font_size_tablet":0,"ocean_menu_typo_font_size_mobile":0,"ocean_menu_typo_font_size_unit":"px","ocean_menu_typo_font_weight":"","ocean_menu_typo_font_weight_tablet":"","ocean_menu_typo_font_weight_mobile":"","ocean_menu_typo_transform":"","ocean_menu_typo_transform_tablet":"","ocean_menu_typo_transform_mobile":"","ocean_menu_typo_line_height":0,"ocean_menu_typo_line_height_tablet":0,"ocean_menu_typo_line_height_mobile":0,"ocean_menu_typo_line_height_unit":"","ocean_menu_typo_spacing":0,"ocean_menu_typo_spacing_tablet":0,"ocean_menu_typo_spacing_mobile":0,"ocean_menu_typo_spacing_unit":"","ocean_menu_link_color":"","ocean_menu_link_color_hover":"","ocean_menu_link_color_active":"","ocean_menu_link_background":"","ocean_menu_link_hover_background":"","ocean_menu_link_active_background":"","ocean_menu_social_links_bg":"","ocean_menu_social_hover_links_bg":"","ocean_menu_social_links_color":"","ocean_menu_social_hover_links_color":"","ocean_disable_title":"default","ocean_disable_heading":"default","ocean_post_title":"","ocean_post_subheading":"","ocean_post_title_style":"","ocean_post_title_background_color":"","ocean_post_title_background":0,"ocean_post_title_bg_image_position":"","ocean_post_title_bg_image_attachment":"","ocean_post_title_bg_image_repeat":"","ocean_post_title_bg_image_size":"","ocean_post_title_height":0,"ocean_post_title_bg_overlay":0.5,"ocean_post_title_bg_overlay_color":"","ocean_disable_breadcrumbs":"default","ocean_breadcrumbs_color":"","ocean_breadcrumbs_separator_color":"","ocean_breadcrumbs_links_color":"","ocean_breadcrumbs_links_hover_color":"","ocean_display_footer_widgets":"default","ocean_display_footer_bottom":"default","ocean_custom_footer_template":"","ocean_post_oembed":"","ocean_post_self_hosted_media":"","ocean_post_video_embed":"","ocean_link_format":"","ocean_link_format_target":"self","ocean_quote_format":"","ocean_quote_format_link":"post","ocean_gallery_link_images":"on","ocean_gallery_id":[],"footnotes":""},"categories":[10,13],"tags":[8150,310,456,554,578,6433,8155,5621,8148,8159,8163,7846,961,8144,8140,8151,8152,8145,8154,8141,1696,7835,8147,8153,8160,8162,8156,8157,1951,8158,8149,8146,8161,8142,8143,8037],"class_list":["post-11725","post","type-post","status-publish","format-standard","hentry","category-celtic-corner","category-festival-focus","tag-3-on-the-bund","tag-battlefield-band","tag-brian-mcneil","tag-celtic-music-festivals","tag-cheryl-prashker","tag-daoiri-farrell","tag-daridel","tag-dave-curley","tag-dave-woods","tag-dolmen-entertainment-group","tag-eileen-mcgann","tag-emily-flack","tag-falcon-ridge-folk-festival","tag-farsan","tag-goodrich-celtic-roots-festival","tag-harmundi","tag-isla-ratcliff","tag-jane-kyle","tag-kinnfolk","tag-live-music-in-ontario","tag-liz-carroll","tag-malinky","tag-melissandre-alexis","tag-michael-darcy-the-atlantic-tramps","tag-michael-patrick-farrell","tag-michael-rooney","tag-miguel-giro","tag-mosquera-celtic-band","tag-music-festivals","tag-ojizo","tag-ryan-young","tag-sean-keane","tag-steve-byrne","tag-the-bookends","tag-the-ennis-sisters","tag-the-gilberts","entry"],"_links":{"self":[{"href":"https:\/\/acousticmusicscene.com\/wp-json\/wp\/v2\/posts\/11725","targetHints":{"allow":["GET"]}}],"collection":[{"href":"https:\/\/acousticmusicscene.com\/wp-json\/wp\/v2\/posts"}],"about":[{"href":"https:\/\/acousticmusicscene.com\/wp-json\/wp\/v2\/types\/post"}],"author":[{"embeddable":true,"href":"https:\/\/acousticmusicscene.com\/wp-json\/wp\/v2\/users\/3"}],"replies":[{"embeddable":true,"href":"https:\/\/acousticmusicscene.com\/wp-json\/wp\/v2\/comments?post=11725"}],"version-history":[{"count":13,"href":"https:\/\/acousticmusicscene.com\/wp-json\/wp\/v2\/posts\/11725\/revisions"}],"predecessor-version":[{"id":11740,"href":"https:\/\/acousticmusicscene.com\/wp-json\/wp\/v2\/posts\/11725\/revisions\/11740"}],"wp:attachment":[{"href":"https:\/\/acousticmusicscene.com\/wp-json\/wp\/v2\/media?parent=11725"}],"wp:term":[{"taxonomy":"category","embeddable":true,"href":"https:\/\/acousticmusicscene.com\/wp-json\/wp\/v2\/categories?post=11725"},{"taxonomy":"post_tag","embeddable":true,"href":"https:\/\/acousticmusicscene.com\/wp-json\/wp\/v2\/tags?post=11725"}],"curies":[{"name":"wp","href":"https:\/\/api.w.org\/{rel}","templated":true}]}}